{"id":2662,"date":"2025-03-04T10:47:49","date_gmt":"2025-03-04T10:47:49","guid":{"rendered":"https:\/\/tecnit.umh.es\/?p=2662"},"modified":"2025-03-04T10:47:49","modified_gmt":"2025-03-04T10:47:49","slug":"visita-comite-reacreditacion-avap-programa-de-doctorado-en-tecnologias-industriales-y-de-telecomunicacion","status":"publish","type":"post","link":"https:\/\/tecnit.umh.es\/en\/2025\/03\/04\/visita-comite-reacreditacion-avap-programa-de-doctorado-en-tecnologias-industriales-y-de-telecomunicacion\/","title":{"rendered":"Visita comit\u00e9 Reacreditaci\u00f3n AVAP: Programa de Doctorado en Tecnolog\u00edas Industriales y de Telecomunicaci\u00f3n."},"content":{"rendered":"<p><\/p>\n<p style=\"font-weight: 400\"><strong>El pr\u00f3ximo d\u00eda 28 de marzo, se realizar\u00e1 la visita, dentro de la fase del proceso de renovaci\u00f3n de la acreditaci\u00f3n, del Comit\u00e9 de Evaluaci\u00f3n Externa del Programa de Doctorado en Tecnolog\u00edas Industriales y de Telecomunicaci\u00f3n, del Programa de Doctorado en Estad\u00edstica, Optimizaci\u00f3n y Matem\u00e1tica Aplicada y del Programa de Doctorado en Medio Ambiente y Sostenibilidad.<\/strong><\/p>\n<p style=\"font-weight: 400\"><em><strong>Si eres profesor, estudiante, titulado o PAS del Programa de Doctorado y quieres dar tu opini\u00f3n sobre la titulaci\u00f3n, puedes participar en la evaluaci\u00f3n.<\/strong><\/em><\/p>\n<p><a href=\"https:\/\/calidad.umh.es\/2025\/03\/03\/visita-comite-reacreditacion-avap-programa-de-doctorado-en-tecnologias-industriales-y-de-telecomunicacion-programa-de-doctorado-en-estadistica-optimizacion-y-matematica-aplicada-y-programa-de-docto\/\">Enlace a la sesi\u00f3n abierta<\/a><\/p>","protected":false},"excerpt":{"rendered":"<p>El pr\u00f3ximo d\u00eda 28 de marzo, se realizar\u00e1 la visita, dentro de la fase del proceso de renovaci\u00f3n de la acreditaci\u00f3n, del Comit\u00e9 de Evaluaci\u00f3n Externa del Programa de Doctorado en Tecnolog\u00edas Industriales y de Telecomunicaci\u00f3n, del Programa de Doctorado en Estad\u00edstica, Optimizaci\u00f3n y Matem\u00e1tica Aplicada y del Programa de Doctorado en Medio Ambiente y [&hellip;]<\/p>\n","protected":false},"author":645,"featured_media":0,"comment_status":"open","ping_status":"open","sticky":false,"template":"","format":"standard","meta":{"_et_pb_use_builder":"","_et_pb_old_content":"","_et_gb_content_width":"","_links_to":"","_links_to_target":""},"categories":[1],"tags":[],"_links":{"self":[{"href":"https:\/\/tecnit.umh.es\/en\/wp-json\/wp\/v2\/posts\/2662"}],"collection":[{"href":"https:\/\/tecnit.umh.es\/en\/wp-json\/wp\/v2\/posts"}],"about":[{"href":"https:\/\/tecnit.umh.es\/en\/wp-json\/wp\/v2\/types\/post"}],"author":[{"embeddable":true,"href":"https:\/\/tecnit.umh.es\/en\/wp-json\/wp\/v2\/users\/645"}],"replies":[{"embeddable":true,"href":"https:\/\/tecnit.umh.es\/en\/wp-json\/wp\/v2\/comments?post=2662"}],"version-history":[{"count":0,"href":"https:\/\/tecnit.umh.es\/en\/wp-json\/wp\/v2\/posts\/2662\/revisions"}],"wp:attachment":[{"href":"https:\/\/tecnit.umh.es\/en\/wp-json\/wp\/v2\/media?parent=2662"}],"wp:term":[{"taxonomy":"category","embeddable":true,"href":"https:\/\/tecnit.umh.es\/en\/wp-json\/wp\/v2\/categories?post=2662"},{"taxonomy":"post_tag","embeddable":true,"href":"https:\/\/tecnit.umh.es\/en\/wp-json\/wp\/v2\/tags?post=2662"}],"curies":[{"name":"wp","href":"https:\/\/api.w.org\/{rel}","templated":true}]}}